{"id":302,"date":"2016-04-27T13:55:17","date_gmt":"2016-04-27T11:55:17","guid":{"rendered":"http:\/\/www.mit-wolfsburg.de\/?p=302"},"modified":"2020-12-03T02:17:45","modified_gmt":"2020-12-03T01:17:45","slug":"mit-in-der-presse-wn-27-04-2016","status":"publish","type":"post","link":"https:\/\/www.mit-wolfsburg.de\/?p=302","title":{"rendered":"MIT in der Presse: WN 27.04.2016"},"content":{"rendered":"<p><strong>Mittelstand der CDU feiert Jubil\u00e4um<\/strong><\/p>\n<p>Die Wirtschaftsvereinigung wurde vor 60 Jahren in Stuttgart gegr\u00fcndet.<\/p>\n<p>Wolfsburg. Die Mittelstands- und Wirtschaftsvereinigung der CDU (MIT) wird heute 60 Jahre alt. Dieses Jubil\u00e4um wird mit Aktionen in ganz Deutschland gefeiert \u2013 so auch in Wolfsburg. F\u00fcr geladene G\u00e4ste findet bei Schnellecke Logistics heute eine hochkar\u00e4tig besetzte Abendveranstaltung statt, in der es um das gro\u00dfe Thema \u201eZukunftsstandort Wolfsburg\u201c geht.<\/p>\n<p>Der Kreisverband in Wolfsburg ist jedoch noch nicht so alt \u2013 er wurde am 20. April 1982 gegr\u00fcndet \u2013 so steht es in der Chronik der Landes-MIT aus dem Jahr 2011. \u201eGr\u00fcndungs-Vorsitzender war der Bauingenieur Alfred M\u00fcller\u201c, erz\u00e4hlt Armin Ring im Gespr\u00e4ch mit unserer Zeitung. Ring ist Vorstandsmitglied aus der Gr\u00fcnderzeit, war bis vor kurzem und \u00fcber viele Jahre Vorsitzender des Kreisverbands Wolfsburg und ist noch Bezirksvorsitzender Nordostniedersachsen sowie Mitglied des Landesvorstandes Niedersachsen der MIT.<\/p>\n<p><strong>Mit Vespermann und seinem Team kamen \u00fcber 100 Mitglieder<\/strong><\/p>\n<p>Ring zitiert aus der Chronik: \u201eGro\u00dfe Namen der Stadt Wolfsburg\u201c h\u00e4tten die MIT aus der Taufe gehoben \u2013 darunter der Unternehmer Graf G\u00fcnzel von der Schulenburg und Dr. Volkmar K\u00f6hler, Staatssekret\u00e4r im Au\u00dfenministerium, Rolf Schnellecke, Unternehmer und fr\u00fcherer Oberb\u00fcrgermeister der Stadt, genauso wie der Verleger Hagen K\u00f6nigseder. Mitte der 1980er-Jahre \u00fcbernahm Harald Vespermann den Vorsitz, und durch die Arbeit im Team wuchs der Kreisverband von rund 30 auf \u00fcber 100 Mitglieder. Ring betont: \u201eSeither werden wir auch st\u00e4rker wahrgenommen, wir nehmen Stellung und werden geh\u00f6rt.\u201c In diesen Jahren seien Wolfsburger MIT-Mitglieder dar\u00fcber hinaus als Delegierte und Landesvorstandsmitglieder auch auf Landes- und Bundesebene aktiv gewesen. Damals sei auch der Grundstein f\u00fcr die \u201esehr gute Zusammenarbeit mit der Kreispartei\u201c gelegt worden \u2013 und Vespermann \u201eaufgrund seiner hervorragenden Arbeit als MIT-Kreisvorsitzender\u201c sogar als Wirtschaftsfachmann in den Rat der Stadt berufen. Ring, der jetzt den Vorsitz im Kreisverband an den Nachwuchs in Gestalt von Kai Kronschnabel abgegeben hat, sagt: \u201eDiese gute Zusammenarbeit besteht bis heute \u2013 der Kreisverband Wolfsburg hat sich in den vergangenen Wochen intensiv<\/p>\n<p>in das Kommunalwahlprogramm der CDU eingebracht.\u201c Zur\u00fcck in die Geschichte: Eine laut Chronik \u201eeher ruhige Phase\u201c erlebte die Mittelstandsvereinigung zwischen 1995 und 2005 mit den Kreisvorsitzenden Frank-Ulrich Vieth und Andr\u00e9-Georg Schlichting.<\/p>\n<p><strong>\u201eDie Interessen der regionalen Wirtschaft kommunizieren\u201c<\/strong><\/p>\n<p>Im Jahr 2005 \u00fcbernahm dann Ring den Vorsitz und es folgten Jahre mit \u201estabilen Mitgliederzahlen, gut besuchten Veranstaltungen und aktiver Mitsprache bei regionalen Entscheidungen\u201c. Eins ist und bleibt Wolfsburgtypisch. \u201eDie \u00f6ffentliche Wahrnehmung am Industriestandort Wolfsburg wird verst\u00e4ndlicherweise durch die Automobilproduktion und ihre Zulieferer gepr\u00e4gt. Hier besteht die besondere Aufgabe der MIT darin, die Bedeutung des Mittelstandes zu kommunizieren. Dar\u00fcber hinaus ist es notwendig, bei kommunalen Entscheidungen auch auf die Interessen der regionalen mittelst\u00e4ndischen Wirtschaft hinzuweisen.\u201c So steht es klipp und klar in der Chronik.(klr)<\/p>\n<hr>\n<p><strong>Die Geschichte<\/strong><\/p>\n<p>Am 27. April 1956 erfolgte in Stuttgart am Rande des CDU-Bundesparteitages die Konstituierung der MIT. Kurt Schm\u00fccker wurde zum ersten Vorsitzenden gew\u00e4hlt. Dies war der Startschuss f\u00fcr die Arbeit des Bundesarbeitskreises Mittelstand der<br \/>\nCDU als dem offiziellen Vorg\u00e4nger der Mittelstandsvereinigung der CDU\/CSU.<\/p>\n<p><img loading=\"lazy\" decoding=\"async\" class=\"alignnone size-full wp-image-303\" src=\"http:\/\/www.mit-wolfsburg.de\/assets\/ArminRing.png\" alt=\"ArminRing\" width=\"229\" height=\"226\"><\/p>\n<p><strong>Armin Ring (MIT) zitiert aus der Landeschronik.<\/strong><br \/>\n\u201eGro\u00dfe Namen der Stadt Wolfsburg\u201c haben die MIT aus der Taufe gehoben.\u201c<\/p>\n<p>&nbsp;<\/p>\n","protected":false},"excerpt":{"rendered":"<p>Mittelstand der CDU feiert Jubil\u00e4um Die Wirtschaftsvereinigung wurde vor 60 Jahren in Stuttgart gegr\u00fcndet. Wolfsburg. Die Mittelstands- und Wirtschaftsvereinigung der CDU (MIT) wird heute 60 Jahre alt. Dieses Jubil\u00e4um wird mit Aktionen in ganz Deutschland gefeiert \u2013 so auch in Wolfsburg. F\u00fcr geladene G\u00e4ste findet bei Schnellecke Logistics heute eine hochkar\u00e4tig besetzte Abendveranstaltung statt, in [&hellip;]<\/p>\n","protected":false},"author":1,"featured_media":0,"comment_status":"closed","ping_status":"closed","sticky":false,"template":"","format":"standard","meta":{"footnotes":""},"categories":[7],"tags":[],"class_list":["post-302","post","type-post","status-publish","format-standard","hentry","category-mit-in-den-medien"],"_links":{"self":[{"href":"https:\/\/www.mit-wolfsburg.de\/index.php?rest_route=\/wp\/v2\/posts\/302","targetHints":{"allow":["GET"]}}],"collection":[{"href":"https:\/\/www.mit-wolfsburg.de\/index.php?rest_route=\/wp\/v2\/posts"}],"about":[{"href":"https:\/\/www.mit-wolfsburg.de\/index.php?rest_route=\/wp\/v2\/types\/post"}],"author":[{"embeddable":true,"href":"https:\/\/www.mit-wolfsburg.de\/index.php?rest_route=\/wp\/v2\/users\/1"}],"replies":[{"embeddable":true,"href":"https:\/\/www.mit-wolfsburg.de\/index.php?rest_route=%2Fwp%2Fv2%2Fcomments&post=302"}],"version-history":[{"count":5,"href":"https:\/\/www.mit-wolfsburg.de\/index.php?rest_route=\/wp\/v2\/posts\/302\/revisions"}],"predecessor-version":[{"id":867,"href":"https:\/\/www.mit-wolfsburg.de\/index.php?rest_route=\/wp\/v2\/posts\/302\/revisions\/867"}],"wp:attachment":[{"href":"https:\/\/www.mit-wolfsburg.de\/index.php?rest_route=%2Fwp%2Fv2%2Fmedia&parent=302"}],"wp:term":[{"taxonomy":"category","embeddable":true,"href":"https:\/\/www.mit-wolfsburg.de\/index.php?rest_route=%2Fwp%2Fv2%2Fcategories&post=302"},{"taxonomy":"post_tag","embeddable":true,"href":"https:\/\/www.mit-wolfsburg.de\/index.php?rest_route=%2Fwp%2Fv2%2Ftags&post=302"}],"curies":[{"name":"wp","href":"https:\/\/api.w.org\/{rel}","templated":true}]}}