{"id":136,"date":"2016-03-20T00:54:56","date_gmt":"2016-03-19T23:54:56","guid":{"rendered":"http:\/\/www.mit-wolfsburg.de\/?p=136"},"modified":"2016-03-20T00:54:56","modified_gmt":"2016-03-19T23:54:56","slug":"ausschreibung-mittelstandspreis-2016","status":"publish","type":"post","link":"https:\/\/www.mit-wolfsburg.de\/?p=136","title":{"rendered":"Ausschreibung Mittelstandspreis 2016"},"content":{"rendered":"<p>Bis zum 7. M\u00e4rz 2016 k\u00f6nnen MIT-Mitglieder Vorschl\u00e4ge f\u00fcr die drei Preiskategorien zum <strong>Deutschen Mittelstandspreis 2016<\/strong> einreichen.<br \/>\nZiel des Preises<\/p>\n<p>Die Soziale Marktwirtschaft pr\u00e4gt Deutschland. In diesem System spielen Unternehmer, engagierte Akteure aus der Gesellschaft und Politiker eine entscheidende Rolle. Dieses Engagement soll auch im Jahr 2016 mit dem Deutschen Mittelstandspreis der MIT geehrt und \u00f6ffentlich hervorgehoben werden.<\/p>\n<p>Unternehmer schaffen Arbeitspl\u00e4tze und Wohlstand, sie geben gesellschaftspolitische Impulse und leisten einen Beitrag zum sozialen Frieden.<br \/>\nEngagierte Akteure der Gesellschaft (etwa Journalisten, Personen aus Kultur, TV und Literatur, Wissenschaftler) tragen dazu bei, gesellschaftsrelevante Themen in den Fokus der \u00d6ffentlichkeit zu stellen und f\u00fcr Problemlagen zu sensibilisieren.<br \/>\nPolitiker m\u00fcssen Antworten finden auf die Fragen der Zeit und den Worten auch Taten folgen lassen.<\/p>\n<p><strong>Kriterien<\/strong><\/p>\n<p>Mit dem Deutschen Mittelstandspreis der MIT soll das besondere Wirken von Unternehmern, gesellschaftlichen Akteuren und Politikern ausgezeichnet werden. Der Preis w\u00fcrdigt herausragendes und nachahmenswertes Engagement und orientiert sich daran, dass im Einklang mit der Sozialen Marktwirtschaft ein wichtiger Impuls oder Beitrag f\u00fcr die Gesellschaft geleistet wurde.<br \/>\nPreisverleihung<\/p>\n<p>Die MIT vergibt den Deutschen Mittelstandspreis in folgenden Kategorien: 1. Unternehmer, 2. gesellschaftlicher Akteur und 3. Politiker. Die Preisverleihung findet am 5. September in Berlin statt. Der Rechtsweg ist ausgeschlossen.<br \/>\nJury<\/p>\n<p>Eine fachkundige Jury aus namhaften Experten wird die Preistr\u00e4ger 2016 benennen.<br \/>\nBewerbung<\/p>\n<p>Alle MIT-Mitglieder k\u00f6nnen Vorschl\u00e4ge f\u00fcr die Preiskategorien bis zum 7. M\u00e4rz 2016 (12 Uhr) \u00fcbermitteln. Die Jury wird anschlie\u00dfend \u00fcber die Vorschl\u00e4ge zur Pr\u00e4mierung entscheiden. Die Vorschl\u00e4ge mit Begr\u00fcndung sind \u00fcber unser Online-Formular einzureichen.<\/p>\n","protected":false},"excerpt":{"rendered":"<p>Bis zum 7. M\u00e4rz 2016 k\u00f6nnen MIT-Mitglieder Vorschl\u00e4ge f\u00fcr die drei Preiskategorien zum Deutschen Mittelstandspreis 2016 einreichen. Ziel des Preises Die Soziale Marktwirtschaft pr\u00e4gt Deutschland. In diesem System spielen Unternehmer, engagierte Akteure aus der Gesellschaft und Politiker eine entscheidende Rolle. Dieses Engagement soll auch im Jahr 2016 mit dem Deutschen Mittelstandspreis der MIT geehrt und [&hellip;]<\/p>\n","protected":false},"author":1,"featured_media":0,"comment_status":"closed","ping_status":"closed","sticky":false,"template":"","format":"standard","meta":{"footnotes":""},"categories":[1],"tags":[],"class_list":["post-136","post","type-post","status-publish","format-standard","hentry","category-allgemein"],"_links":{"self":[{"href":"https:\/\/www.mit-wolfsburg.de\/index.php?rest_route=\/wp\/v2\/posts\/136","targetHints":{"allow":["GET"]}}],"collection":[{"href":"https:\/\/www.mit-wolfsburg.de\/index.php?rest_route=\/wp\/v2\/posts"}],"about":[{"href":"https:\/\/www.mit-wolfsburg.de\/index.php?rest_route=\/wp\/v2\/types\/post"}],"author":[{"embeddable":true,"href":"https:\/\/www.mit-wolfsburg.de\/index.php?rest_route=\/wp\/v2\/users\/1"}],"replies":[{"embeddable":true,"href":"https:\/\/www.mit-wolfsburg.de\/index.php?rest_route=%2Fwp%2Fv2%2Fcomments&post=136"}],"version-history":[{"count":1,"href":"https:\/\/www.mit-wolfsburg.de\/index.php?rest_route=\/wp\/v2\/posts\/136\/revisions"}],"predecessor-version":[{"id":137,"href":"https:\/\/www.mit-wolfsburg.de\/index.php?rest_route=\/wp\/v2\/posts\/136\/revisions\/137"}],"wp:attachment":[{"href":"https:\/\/www.mit-wolfsburg.de\/index.php?rest_route=%2Fwp%2Fv2%2Fmedia&parent=136"}],"wp:term":[{"taxonomy":"category","embeddable":true,"href":"https:\/\/www.mit-wolfsburg.de\/index.php?rest_route=%2Fwp%2Fv2%2Fcategories&post=136"},{"taxonomy":"post_tag","embeddable":true,"href":"https:\/\/www.mit-wolfsburg.de\/index.php?rest_route=%2Fwp%2Fv2%2Ftags&post=136"}],"curies":[{"name":"wp","href":"https:\/\/api.w.org\/{rel}","templated":true}]}}